{"id":1541,"date":"2018-04-13T11:41:16","date_gmt":"2018-04-13T11:41:16","guid":{"rendered":"http:\/\/deutschplus.info\/ar\/?p=1541"},"modified":"2018-04-13T11:42:37","modified_gmt":"2018-04-13T11:42:37","slug":"polizei","status":"publish","type":"post","link":"https:\/\/deutschplus.info\/ar\/polizei\/","title":{"rendered":"\u0631\u062c\u0627\u0644 \u0627\u0644\u0634\u0631\u0637\u0629 \u064a\u0637\u0644\u0642\u0648\u0646 \u0627\u0644\u0646\u0627\u0631 \u0639\u0644\u0649 \u0634\u062e\u0635 \u0645\u0645\u0627 \u062a\u0633\u0628\u0628 \u0641\u064a \u0645\u0642\u062a\u0644\u0647!"},"content":{"rendered":"<p><span style=\"font-weight: 400;\">\u0642\u062a\u0644 \u0636\u0628\u0627\u0637 \u0627\u0644\u0634\u0631\u0637\u0629 \u0641\u064a \u0648\u0642\u062a \u0645\u0628\u0643\u0631 \u0645\u0646 \u0635\u0628\u0627\u062d \u0627\u0644\u064a\u0648\u0645 \u0631\u062c\u0644\u0627\u064b \u0642\u0627\u0645 \u0628\u0623\u0639\u0645\u0627\u0644 \u0634\u063a\u0628 \u0641\u064a \u0645\u062e\u0628\u0632 \u0648\u0623\u0635\u0627\u0628 \u0639\u062f\u0629 \u0623\u0634\u062e\u0627\u0635 \u0641\u064a \u0641\u0648\u0644\u062f\u0627 \u0648\u0633\u0637 \u0623\u0644\u0645\u0627\u0646\u064a\u0627 .<\/span><\/p>\n<p>&nbsp;<\/p>\n<p><span style=\"font-weight: 400;\">In Fulda haben Polizisten am fr\u00fchen Freitagmorgen einen Mann erschossen. Er hatte zuvor bei einer B\u00e4ckerei randaliert und mehrere Menschen verletzt.<\/span><\/p>\n<p>&nbsp;<\/p>\n<p><span style=\"font-weight: 400;\">\u0648\u0642\u0627\u0644\u062a \u0627\u0644\u0634\u0631\u0637\u0629 \u0648\u0627\u0644\u0627\u062f\u0639\u0627\u0621 \u0627\u0644\u0639\u0627\u0645 \u0623\u0646 \u0627\u0644\u0631\u062c\u0644 \u0623\u0644\u0642\u0649 \u0627\u0644\u062d\u062c\u0627\u0631\u0629 \u0639\u0644\u0649 \u0627\u0644\u0634\u0631\u0637\u0629 \u0648 \u0645\u0646 \u0627\u0644\u0645\u0645\u0643\u0646 \u0623\u0646 \u064a\u0643\u0648\u0646 \u0642\u062f \u0647\u0627\u062c\u0645 \u0628\u0639\u0635\u0627 \u0623\u064a\u0636\u0627\u064b \u0645\u0645\u0627 \u0627\u0636\u0637\u0631 \u0627\u0644\u0634\u0631\u0637\u0629 \u0623\u0646 \u062a\u0633\u062d\u0628 \u0623\u0633\u0644\u062d\u062a\u0647\u0627 \u0627\u0644\u0646\u0627\u0631\u064a\u0629 \u0639\u0644\u0649 \u0627\u0644\u0641\u0648\u0631 \u0648 \u062a\u0631\u062f\u064a\u0647 \u0642\u062a\u064a\u0644\u0627\u064b .<\/span><\/p>\n<p>&nbsp;<\/p>\n<p><span style=\"font-weight: 400;\">Der Mann habe auch die eintreffenden Polizisten sofort mit Steinen beworfen und vermutlich mit einem Schlagstock attackiert, teilten Polizei und Staatsanwaltschaft mit. Die Beamten zogen daraufhin ihre Schusswaffen und verletzten den Angreifer t\u00f6dlich.<\/span><\/p>\n<p>&nbsp;<\/p>\n<p><span style=\"font-weight: 400;\">\u0648\u0623\u0636\u0627\u0641\u062a \u0623\u0646 \u0631\u062c\u0627\u0644 \u0627\u0644\u0634\u0631\u0637\u0629 \u062a\u0644\u0642\u0648\u0627 \u0625\u0646\u0630\u0627\u0631\u0627 \u064a\u0648\u0645 \u0627\u0644\u062c\u0645\u0639\u0629 \u0627\u0644\u0633\u0627\u0639\u0629 \u0627\u0644\u0631\u0627\u0628\u0639\u0629 \u0648\u0639\u0634\u0631\u064a\u0646 \u062f\u0642\u064a\u0642\u0629 \u0635\u0628\u0627\u062d\u0627\u064b\u00a0 \u0623\u0646 \u0627\u0644\u0631\u062c\u0644 \u062a\u0647\u062c\u0645 \u0639\u0644\u0649 \u0639\u062f\u0629 \u0645\u0648\u0638\u0641\u064a\u0646 \u0641\u064a \u0627\u0644\u0645\u062e\u0628\u0632 \u0648 \u062c\u0631\u062d \u0627\u0644\u0639\u062f\u064a\u062f \u0645\u0646\u0647\u0645 \u0645\u0646 \u0628\u064a\u0646\u0647\u0645 \u0633\u0627\u0626\u0642 \u0627\u0644\u062a\u0648\u0635\u064a\u0644 \u0648 \u0623\u0646\u0647 \u062a\u0645 \u0625\u063a\u0644\u0627\u0642 \u0627\u0644\u0645\u062e\u0628\u0632 \u062d\u062a\u0649 \u0625\u0634\u0639\u0627\u0631 \u0622\u062e\u0631 .<\/span><\/p>\n<p><span style=\"font-weight: 400;\">Ein Notruf hatte die Beamten am Freitag gegen 4.20 Uhr alarmiert worden. Demnach hatte der Mann in einer B\u00e4ckerei mehrere Angestellte und einen Lieferfahrer angegriffen und verletzt, auch schwer. Die B\u00e4ckerei hatte zu diesem Zeitpunkt noch nicht ge\u00f6ffnet.<\/span><\/p>\n<p>&nbsp;<\/p>\n<p><span style=\"font-weight: 400;\">\u064a\u0630\u0643\u0631 \u00a0\u0623\u0646 \u0633\u0628\u0628 \u0627\u0644\u0647\u062c\u0648\u0645 \u063a\u064a\u0631 \u0645\u0639\u0631\u0648\u0641 \u062d\u062a\u0649 \u0627\u0644\u0622\u0646 \u062d\u064a\u062b \u0642\u0627\u0645 \u0631\u062c\u0627\u0644 \u0627\u0644\u0634\u0631\u0637\u0629 \u0628\u062a\u0637\u0648\u064a\u0642 \u0627\u0644\u0645\u0643\u0627\u0646 \u0631\u064a\u062b\u0645\u0627 \u064a\u062a\u0645 \u0627\u0644\u062a\u062d\u0642\u064a\u0642 \u0641\u064a \u062a\u0641\u0627\u0635\u064a\u0644 \u0627\u0644\u062d\u0627\u062f\u062b\u0629 .<\/span><\/p>\n<p>&nbsp;<\/p>\n<p><span style=\"font-weight: 400;\">der Mann in der B\u00e4ckerei randaliert hat, ist nicht bekannt. Das Landeskriminalamt und die Staatsanwaltschaft Fulda haben die Ermittlungen \u00fcbernommen. Der Bereich um den Tatort wurde weitr\u00e4umig abgesperrt.<\/span><\/p>\n<p>&nbsp;<\/p>\n<p><span style=\"font-weight: 400;\"><strong>\u0647\u0627\u0645\u0634 :<\/strong> \u062a\u0645 \u0643\u062a\u0627\u0628\u0629 \u0627\u0644\u0645\u0642\u0627\u0644\u0629 \u0628\u0647\u0630\u0647 \u0627\u0644\u0635\u064a\u063a\u0629 \u0644\u0644\u0627\u0633\u062a\u0641\u0627\u062f\u0629 \u0645\u0646 \u0627\u0644\u0646\u0627\u062d\u064a\u0629 \u0627\u0644\u0644\u063a\u0648\u064a\u0629 \u0648 \u0627\u0644\u0627\u0633\u062a\u0641\u0627\u062f\u0629 \u0645\u0646 \u0627\u0644\u0643\u0644\u0645\u0627\u062a \u0628\u0627\u0644\u0625\u0636\u0627\u0641\u0629 \u0644\u0644\u0628\u0642\u0627\u0621 \u0642\u0631\u064a\u0628\u0627 \u0645\u0646 \u0627\u0644\u0644\u063a\u0629 . \u0627\u062a\u0645\u0646\u0649 \u0627\u0628\u062f\u0627\u0621 \u0627\u0631\u0627\u0626\u0643\u0645 \u0628\u0647\u0630\u0627 \u0627\u0644\u062e\u0635\u0648\u0635 \u0641\u064a \u0627\u0644\u062a\u0639\u0644\u064a\u0642 \u0644\u0646\u0633\u062a\u0645\u0631 \u0628\u0627\u0644\u062a\u0642\u062f\u0645 \u0646\u062d\u0648 \u0627\u0644\u0623\u0641\u0636\u0644 .<\/span><\/p>\n<p>&nbsp;<\/p>\n<p><span style=\"font-weight: 400;\">\u0627\u0644\u0645\u0635\u062f\u0631 : <a href=\"https:\/\/www.hessenschau.de\/panorama\/polizisten-erschiessen-randalierer-in-fulda,schuesse-fulda-102.html\" target=\"_blank\" rel=\"noopener\">\u0645\u0646 \u0647\u0646\u0627<\/a><\/span><\/p>\n<p><span style=\"font-weight: 400;\">\u0641\u0631\u064a\u0642 #\u062f\u0648\u064a\u062a\u0634-\u0628\u0644\u0633<\/span><\/p>\n<p>&nbsp;<\/p>\n<p>&nbsp;<\/p>\n","protected":false},"excerpt":{"rendered":"<p>\u0642\u062a\u0644 \u0636\u0628\u0627\u0637 \u0627\u0644\u0634\u0631\u0637\u0629 \u0641\u064a \u0648\u0642\u062a \u0645\u0628\u0643\u0631 \u0645\u0646 \u0635\u0628\u0627\u062d \u0627\u0644\u064a\u0648\u0645 \u0631\u062c\u0644\u0627\u064b \u0642\u0627\u0645 \u0628\u0623\u0639\u0645\u0627\u0644 \u0634\u063a\u0628 \u0641\u064a \u0645\u062e\u0628\u0632 \u0648\u0623\u0635\u0627\u0628 \u0639\u062f\u0629 \u0623\u0634\u062e\u0627\u0635 \u0641\u064a \u0641\u0648\u0644\u062f\u0627 \u0648\u0633\u0637 \u0623\u0644\u0645\u0627\u0646\u064a\u0627 . &nbsp; In Fulda haben Polizisten am fr\u00fchen Freitagmorgen einen Mann erschossen. Er hatte zuvor bei einer B\u00e4ckerei randaliert und mehrere Menschen verletzt. &nbsp; \u0648\u0642\u0627\u0644\u062a \u0627\u0644\u0634\u0631\u0637\u0629 \u0648\u0627\u0644\u0627\u062f\u0639\u0627\u0621 \u0627\u0644\u0639\u0627\u0645 \u0623\u0646 \u0627\u0644\u0631\u062c\u0644 \u0623\u0644\u0642\u0649 \u0627\u0644\u062d\u062c\u0627\u0631\u0629 \u0639\u0644\u0649 [&hellip;]<\/p>\n","protected":false},"author":1,"featured_media":1550,"comment_status":"open","ping_status":"open","sticky":false,"template":"","format":"standard","meta":{"footnotes":""},"categories":[1],"tags":[],"class_list":["post-1541","post","type-post","status-publish","format-standard","has-post-thumbnail","hentry","category-deutsch-plus"],"_links":{"self":[{"href":"https:\/\/deutschplus.info\/ar\/wp-json\/wp\/v2\/posts\/1541","targetHints":{"allow":["GET"]}}],"collection":[{"href":"https:\/\/deutschplus.info\/ar\/wp-json\/wp\/v2\/posts"}],"about":[{"href":"https:\/\/deutschplus.info\/ar\/wp-json\/wp\/v2\/types\/post"}],"author":[{"embeddable":true,"href":"https:\/\/deutschplus.info\/ar\/wp-json\/wp\/v2\/users\/1"}],"replies":[{"embeddable":true,"href":"https:\/\/deutschplus.info\/ar\/wp-json\/wp\/v2\/comments?post=1541"}],"version-history":[{"count":0,"href":"https:\/\/deutschplus.info\/ar\/wp-json\/wp\/v2\/posts\/1541\/revisions"}],"wp:featuredmedia":[{"embeddable":true,"href":"https:\/\/deutschplus.info\/ar\/wp-json\/wp\/v2\/media\/1550"}],"wp:attachment":[{"href":"https:\/\/deutschplus.info\/ar\/wp-json\/wp\/v2\/media?parent=1541"}],"wp:term":[{"taxonomy":"category","embeddable":true,"href":"https:\/\/deutschplus.info\/ar\/wp-json\/wp\/v2\/categories?post=1541"},{"taxonomy":"post_tag","embeddable":true,"href":"https:\/\/deutschplus.info\/ar\/wp-json\/wp\/v2\/tags?post=1541"}],"curies":[{"name":"wp","href":"https:\/\/api.w.org\/{rel}","templated":true}]}}